{"id":239,"date":"2017-10-23T14:12:23","date_gmt":"2017-10-23T14:12:23","guid":{"rendered":"http:\/\/lisasbuecherleben.de\/?p=239"},"modified":"2019-02-04T15:14:03","modified_gmt":"2019-02-04T15:14:03","slug":"messebericht-mal-anders-das-erste-mal-als-ausstellerin-auf-der-frankfurter-buchmesse","status":"publish","type":"post","link":"https:\/\/lisasbuecherleben.de\/?p=239","title":{"rendered":"Messebericht mal anders &#8211; das erste Mal als Ausstellerin auf der Frankfurter Buchmesse"},"content":{"rendered":"<p style=\"text-align: justify;\">Meine Buchmesse ist dieses Mal so ganz anders verlaufen als ich das bisher kannte. Denn mit dem Verlag, bei dem ich grade ein halbj\u00e4hriges Volontariat mache, war ich diesmal beruflich dabei. Ich habe mir mal ein paar Punkte \u00fcberlegt, die ich berichtenswert fand :).<\/p>\n<hr>\n<p style=\"text-align: justify;\"><a href=\"https:\/\/4.bp.blogspot.com\/-nqc7TkkhB60\/WezWhkD9aEI\/AAAAAAAACMk\/qtflOtAhB6sMC5KNE0O1sszdzly6rHU6QCLcBGAs\/s1600\/messegerumpel.jpg\" data-blogger-escaped-style=\"clear: left; float: left; margin-bottom: 1em; margin-right: 1em;\"><img decoding=\"async\" loading=\"lazy\" class=\"alignleft\" src=\"https:\/\/4.bp.blogspot.com\/-nqc7TkkhB60\/WezWhkD9aEI\/AAAAAAAACMk\/qtflOtAhB6sMC5KNE0O1sszdzly6rHU6QCLcBGAs\/s320\/messegerumpel.jpg\" width=\"240\" height=\"320\" border=\"0\" data-blogger-escaped-data-original-height=\"960\" data-blogger-escaped-data-original-width=\"720\"><\/a><strong>Eine rumpelige Messe<\/strong><\/p>\n<p style=\"text-align: justify;\">Ein spannender Aspekt, den die fr\u00fche Anreise inklusive Aufbau mit sich bringt, ist die total derangierte Frankfurter Buchmesse. Da stehen Menschen auf Leitern mitten im Gang, \u00fcberall liegen Paletten mitten im Weg, Menschen r\u00e4umen bergeweise M\u00fcll beiseite und schlie\u00dflich wird zwischen hektischen Aufbau-Helfern der Teppich im Gang verlegt. Als wir (recht sp\u00e4t abends) an unserem Stand ankamen, konnte ich gar nicht glauben, dass am n\u00e4chsten Tag schon alles stehen sollte, alles sah unfertig und chaotisch aus und ich kann mir nicht mal grob vorstellen, was das f\u00fcr ein unglaublicher Kraftakt sein muss, f\u00fcr eine Woche solch ein riesiges Gel\u00e4nde f\u00fcr so viele Menschen attraktiv zu machen. Dasselbe dachte ich dann \u00fcbrigens beim Abbau &#8211; als wir die Messe verlassen haben, lagen schon \u00fcberall rausgerissene Teppiche und leere Regale. Es hat mich total beeindruckt, wie schnell alles ging.<\/p>\n<p>&nbsp;<\/p>\n<p style=\"text-align: justify;\"><strong>Wege und Logistik<\/strong><\/p>\n<p style=\"text-align: justify;\"><a href=\"https:\/\/1.bp.blogspot.com\/-NOPTDOJoeq8\/WezUTZR_CCI\/AAAAAAAACMY\/-S86e_9nfwI4Prfi6kZhAgS2ZkcAu3vLACLcBGAs\/s1600\/mehr%2Bverlag.jpg\" data-blogger-escaped-style=\"clear: right; float: right; margin-bottom: 1em; margin-left: 1em;\"><img decoding=\"async\" loading=\"lazy\" class=\"alignright\" src=\"https:\/\/1.bp.blogspot.com\/-NOPTDOJoeq8\/WezUTZR_CCI\/AAAAAAAACMY\/-S86e_9nfwI4Prfi6kZhAgS2ZkcAu3vLACLcBGAs\/s320\/mehr%2Bverlag.jpg\" width=\"240\" height=\"320\" border=\"0\" data-blogger-escaped-data-original-height=\"1280\" data-blogger-escaped-data-original-width=\"960\"><\/a>Gegen\u00fcber all den Bloggern und Journalisten haben die Aussteller auf der Frankfurter Buchmesse einen Vorteil &#8211; im Eintritt ist ein Ticket f\u00fcr den \u00f6ffentlichen Nahverkehr enthalten. Was bedeutet das? Man kann auch abends noch mal los, ohne sich Gedanken zu machen, wie, wo, wann man noch das Zugticket l\u00f6sen muss und (viel wichtiger) man muss sich sein Hotel nicht in direkter N\u00e4he der Messe suchen. Als Bloggerin h\u00e4tte ich mir M\u00fche gegeben, eine Unterkunft zu finden, von der aus ich nicht jeden Tag noch 7\u20ac f\u00fcr den Zug oder die Stra\u00dfenbahn ausgeben muss. Als Ausstellerin habe ich mich darauf verlassen k\u00f6nnen, dass mein Arbeitgeber ein nettes Hotel ausgesucht hat &#8211; ich musste mich an der Messe nur in den Zug setzen und mich dann in mein superriesiges, toll ausgestattetes Hotelzimmer einschlie\u00dfen. Das hatte ich aber auch bitter n\u00f6tig, denn&#8230;<\/p>\n<p>&nbsp;<\/p>\n<p style=\"text-align: justify;\"><strong>Die Arbeitszeit<\/strong><\/p>\n<p style=\"text-align: justify;\">&#8230;am n\u00e4chsten Tag ging es um Sechs wieder aus den Federn. Wir konnten sehr gem\u00fctlich (und mit viel Kaffee!) im Hotel fr\u00fchst\u00fccken und haben uns dann in der Lobby getroffen, um p\u00fcnktlich um Neun am Messestand alles aufgebaut und arrangiert zu haben (frisches Obst kaufen, eingeschlossene B\u00fccher in die Regale r\u00e4umen, Notizb\u00fccher und Schreibutensilien bereitlegen&#8230;). Wir, das sind eine Kollegin und ich &#8211; insgesamt waren wir ein Dreierteam, das abwechselnd den Messestand besetzt hat. Meistens waren wir also zu zweit in wechselnder Konstellation zugegen.<\/p>\n<p style=\"text-align: justify;\">Es war kein Problem, wenn ich mich immer mal wieder auf einen Rundgang oder die Suche nach einem Mittagessen begeben habe, nach einer kurzen Absprache haben wir uns da super arrangiert. Trotzdem war es eben immer Arbeitszeit und ich hatte das stets im Hinterkopf, wenn ich mal ein halbes St\u00fcndchen in die Halle 3.0 eine Etage tiefer verschwunden bin. Fast immer war ich also eher selber der Grund daf\u00fcr, schnell wieder am Stand zu sein, als dass mir jemand vom Verlag gesagt h\u00e4tte &#8222;Zu diesem Zeitpunkt musst du aber wieder hier sein&#8220;. Generell war das ganze Team unglaublich entspannt. Obwohl ich oft unsicher war (schlie\u00dflich hatte ich noch keine Ahnung vom Programm), haben wir uns toll erg\u00e4nzt. Ich konnte wunderbar &#8222;kumpelhaft&#8220; mit j\u00fcngeren Besuchern\/Studenten ins Gespr\u00e4ch kommen und meine Kollegen hatten das Know-How, auch inhaltliche Fragen zu kl\u00e4ren und Auskunft zu den Abl\u00e4ufen im Verlag zu geben.<\/p>\n<p style=\"text-align: justify;\"><a href=\"https:\/\/3.bp.blogspot.com\/-cNmxh5nUzYg\/WezdYtmdvjI\/AAAAAAAACM0\/XKwtXsJNDd4LaGVUbd_ViCz7eb_YPhSZACLcBGAs\/s1600\/Micky.JPG\" data-blogger-escaped-style=\"clear: left; float: left; margin-bottom: 1em; margin-right: 1em;\"><img decoding=\"async\" class=\"alignleft\" src=\"https:\/\/3.bp.blogspot.com\/-cNmxh5nUzYg\/WezdYtmdvjI\/AAAAAAAACM0\/XKwtXsJNDd4LaGVUbd_ViCz7eb_YPhSZACLcBGAs\/s1600\/Micky.JPG\" border=\"0\" data-blogger-escaped-data-original-height=\"180\" data-blogger-escaped-data-original-width=\"128\"><\/a><strong>Private Kontakte<\/strong><\/p>\n<p style=\"text-align: justify;\">Das war so merkw\u00fcrdig, sage ich euch! Normalerweise ist die Buchmesse Treffpunkt (unter anderem) f\u00fcr alle Menschen, die sich sonst nur aus den Tiefen dieses sogenannten &#8222;Internets&#8220; kennen. Dieses Mal hatte ich aber das Gef\u00fchl, dass diese Kontakte nicht an den Messestand geh\u00f6rten. Es war sehr komisch, wenn Freunde (oder meine dezent rumpelige Mama &#8211; ich liebe dich, falls du das liest, Mama!) vorbeigekommen sind, denn oft waren eben Gesch\u00e4ftspartner am Stand und der Verlag, bei dem ich arbeite, verlegt eben wissenschaftliche Literatur auf sehr hohem Niveau. Bl\u00f6dsinn machen und direkt neben potenziellen Kunden oder Autoren rumbl\u00f6deln war also nicht! Privat und als Bloggerin Menschen und Verlage treffen ging also nur auf meinen Streifz\u00fcgen in den Pausen, die ich gemacht habe. Am Stand war ich immer eher distanziert, wenn jemand vorbeikam, und habe mich bem\u00fcht, den- oder diejenige an die Seite zu lotsen, damit man kurz in Ruhe quatschen konnte :).<\/p>\n<p>&nbsp;<\/p>\n<p style=\"text-align: justify;\"><strong>Der Dresscode<\/strong><\/p>\n<p style=\"text-align: justify;\">Meine G\u00fcte, was habe ich rum\u00fcberlegt! In der Woche vorher schon Outfits geplant und mich im Kopf tausend Mal umgezogen. Steht mir die Bluse? Brauche ich einen Blazer? Kann man die Jeans als &#8222;schick&#8220; durchgehen lassen?<\/p>\n<p style=\"text-align: justify;\">Tja, ich hab&#8217;s mal wieder totgegr\u00fcbelt und alles anstrengender gemacht als es eigentlich war. Der Dresscode an unserem Stand war sehr locker, Jeans und Hemd, Leinenhose und nettes Shirt &#8211; alles total okay. Ich hatte am dritten (?) Tag eine lang\u00e4rmlige Bluse an. Keine gute Idee. Die Luft in den Hallen heizt sich \u00fcber den Tag ziemlich auf und ich habe an diesem Tag meine Kollegin sehr beneidet, die ein Shirt mit 3\/4 Arm anhatte. Ich habe auf jeden Fall daraus gelernt und wei\u00df beim n\u00e4chsten Jahr die folgenden Dinge besser:<\/p>\n<p style=\"text-align: justify;\">&#8211; Nimm alles mit, was einigerma\u00dfen schick aussieht und kurze \u00c4rmel hat<br \/>\n&#8211; Kein Polyester, du schwitzt dich kaputt<br \/>\n&#8211; Ballerinas oder schlichte Sneaker sind okay &#8211; blo\u00df.keine.Absatzschuhe.<\/p>\n<p>&nbsp;<\/p>\n<p style=\"text-align: justify;\"><strong>Kontakte zu anderen Verlagen\/Ausstellern<\/strong><\/p>\n<p style=\"text-align: justify;\">Das war der wohl beeindruckendste Aspekt &#8222;meiner&#8220; Buchmesse dieses Jahr. St\u00e4ndig waren Verleger, Vertreter und Autoren bei uns am Stand, oft waren Termine ausgemacht. So manches Mal fand ich mich auf dem Gang gegen\u00fcber unseres Standes wieder, weil einfach kein Platz mehr zwischen all den Besuchern war. Vieles lief sehr f\u00f6rmlich ab, Gesch\u00e4ftskontakte wurden aufgefrischt oder neu gekn\u00fcpft. Es gab aber auch unheimlich herzliche Begegnungen und viele, viele Umarmungen. F\u00fcr mich selber hatte die neue &#8222;Rolle&#8220; einen spannenden Vorteil &#8211; ich konnte mich bei anderen Verlagen ganz anders geben. Ich war auf einmal nicht mehr eine von tausend Bloggerinnen oder Journalistinnen, die ihre Berichte zusammensuchen und Fotos schie\u00dfen, sondern ich war die &#8222;Kollegin&#8220;, die zwei St\u00e4nde weiter stand und genau so Fragen beantwortete und genau so platte F\u00fc\u00dfe hatte.<\/p>\n<p style=\"text-align: justify;\">Und noch etwas &#8211; wusstet ihr, dass Verlage Kollegenrabatt geben? Das sind zwischen 15 und 50% Rabatt, die ganz selbstverst\u00e4ndlich vergeben werden, nat\u00fcrlich auch vom eigenen Verlag! Und auf der Messe wird das nicht selten genutzt, da man ansonsten bei Bestellungen aus der Ferne durch die Versandkosten den Rabatt schon wieder einb\u00fc\u00dft &#8211; da bestellt man dann doch lieber ganz einfach \u00fcber die Lieblingsbuchhandlung.<br \/>\nGenerell war dort aber der Umgang unter Kollegen unheimlich locker, es gab einen tollen Austausch \u00fcber die eigenen und andere B\u00fccher, \u00fcber Buchpreise und die Er\u00f6ffnungsveranstaltung.<\/p>\n<p style=\"text-align: justify;\">Und ich stand dieses Jahr dazwischen und habe mit riesigen Augen alles aufgenommen, was sich mir geboten hat&#8230;! Bis zum n\u00e4chsten Jahr habe ich dann wieder verflixt viel Zeit, mir viel zu viele Gedanken zu machen.<\/p>\n","protected":false},"excerpt":{"rendered":"<p>Meine Buchmesse ist dieses Mal so ganz anders verlaufen als ich das bisher kannte. Denn mit dem Verlag, bei dem ich grade ein halbj\u00e4hriges Volontariat mache, war ich diesmal beruflich dabei. Ich habe mir mal ein paar Punkte \u00fcberlegt, die ich berichtenswert fand :). Eine rumpelige Messe Ein spannender Aspekt, den die fr\u00fche Anreise inklusive&hellip;<\/p>\n","protected":false},"author":1,"featured_media":453,"comment_status":"open","ping_status":"open","sticky":false,"template":"","format":"standard","meta":[],"categories":[12],"tags":[],"_links":{"self":[{"href":"https:\/\/lisasbuecherleben.de\/index.php?rest_route=\/wp\/v2\/posts\/239"}],"collection":[{"href":"https:\/\/lisasbuecherleben.de\/index.php?rest_route=\/wp\/v2\/posts"}],"about":[{"href":"https:\/\/lisasbuecherleben.de\/index.php?rest_route=\/wp\/v2\/types\/post"}],"author":[{"embeddable":true,"href":"https:\/\/lisasbuecherleben.de\/index.php?rest_route=\/wp\/v2\/users\/1"}],"replies":[{"embeddable":true,"href":"https:\/\/lisasbuecherleben.de\/index.php?rest_route=%2Fwp%2Fv2%2Fcomments&post=239"}],"version-history":[{"count":3,"href":"https:\/\/lisasbuecherleben.de\/index.php?rest_route=\/wp\/v2\/posts\/239\/revisions"}],"predecessor-version":[{"id":463,"href":"https:\/\/lisasbuecherleben.de\/index.php?rest_route=\/wp\/v2\/posts\/239\/revisions\/463"}],"wp:featuredmedia":[{"embeddable":true,"href":"https:\/\/lisasbuecherleben.de\/index.php?rest_route=\/wp\/v2\/media\/453"}],"wp:attachment":[{"href":"https:\/\/lisasbuecherleben.de\/index.php?rest_route=%2Fwp%2Fv2%2Fmedia&parent=239"}],"wp:term":[{"taxonomy":"category","embeddable":true,"href":"https:\/\/lisasbuecherleben.de\/index.php?rest_route=%2Fwp%2Fv2%2Fcategories&post=239"},{"taxonomy":"post_tag","embeddable":true,"href":"https:\/\/lisasbuecherleben.de\/index.php?rest_route=%2Fwp%2Fv2%2Ftags&post=239"}],"curies":[{"name":"wp","href":"https:\/\/api.w.org\/{rel}","templated":true}]}}