{"id":251,"date":"2018-08-07T10:45:59","date_gmt":"2018-08-07T10:45:59","guid":{"rendered":"http:\/\/lisasbuecherleben.de\/?p=251"},"modified":"2019-02-04T15:01:41","modified_gmt":"2019-02-04T15:01:41","slug":"die-stationen-eines-verlags-was-tun-wir-hier-eigentlich","status":"publish","type":"post","link":"https:\/\/lisasbuecherleben.de\/?p=251","title":{"rendered":"Die Stationen eines Verlags &#8211; was tun wir hier eigentlich?"},"content":{"rendered":"<p style=\"text-align: justify;\">Seit neun Monaten arbeite ich nun in dem Verlag, der mich letztes Jahr eingeladen hat, ein Volontariat zu absolvieren. Und viel zu lange schon habt ihr nichts Neues mehr geh\u00f6rt. Was treibe ich eigentlich den ganzen Tag bei der Arbeit? Zeit f\u00fcr eine kleine \u00dcbersicht, wie &#8222;mein&#8220; Verlag eigentlich so funktioniert.<\/p>\n<hr>\n<p style=\"text-align: justify;\"><strong><img decoding=\"async\" loading=\"lazy\" class=\"size-medium wp-image-255 alignleft\" src=\"http:\/\/lisasbuecherleben.de\/wp-content\/uploads\/2018\/07\/lektorat-300x225.jpg\" alt=\"\" width=\"300\" height=\"225\" srcset=\"https:\/\/lisasbuecherleben.de\/wp-content\/uploads\/2018\/07\/lektorat-300x225.jpg 300w, https:\/\/lisasbuecherleben.de\/wp-content\/uploads\/2018\/07\/lektorat-120x90.jpg 120w, https:\/\/lisasbuecherleben.de\/wp-content\/uploads\/2018\/07\/lektorat.jpg 315w\" sizes=\"(max-width: 300px) 100vw, 300px\" \/>Das Lektorat<\/strong><\/p>\n<p style=\"text-align: justify;\">Hier bin auch ich besch\u00e4ftigt. Unsere Lektorin arbeitet direkt mit dem Gesch\u00e4ftsf\u00fchrer des Verlages zusammen. Gemeinsam entscheiden sie, welche Projekte verfolgt werden, welche B\u00fccher wann und in welcher Auflage publiziert werden sollen. Hier fragen Autoren an, wenn sie ein Buch bei uns ver\u00f6ffentlichen wollen und hier werden die Vertr\u00e4ge aufgesetzt, auf deren Grundlage auch der Inhalt der B\u00fccher bearbeitet und ggf. gemeinsam ver\u00e4ndert wird.<\/p>\n<p style=\"text-align: justify;\">Eine Besonderheit des Verlages in dem ich arbeite: Bei manchen Buchprojekten wird auch der Buchsatz im Lektorat vorgenommen, der normalerweise ausgelagert wird. Auch die Kommunikation zur Herstellung findet manchmal hier statt, weil die Arbeit sehr projektgebunden ist und im Haus nicht so viele Mitarbeiter besch\u00e4ftigt sind wie beispielsweise in einem gro\u00dfen Publikumsverlag.<br \/>\nDas eigentliche Korrekturlesen nimmt nur einen ganz kleinen Teil des Arbeitsalltags im Lektorat ein.<\/p>\n<p><img decoding=\"async\" loading=\"lazy\" class=\" wp-image-253 alignright\" src=\"http:\/\/lisasbuecherleben.de\/wp-content\/uploads\/2018\/07\/WhatsApp-Image-2018-03-08-at-09.01.41-196x300.jpeg\" alt=\"\" width=\"211\" height=\"323\" srcset=\"https:\/\/lisasbuecherleben.de\/wp-content\/uploads\/2018\/07\/WhatsApp-Image-2018-03-08-at-09.01.41-196x300.jpeg 196w, https:\/\/lisasbuecherleben.de\/wp-content\/uploads\/2018\/07\/WhatsApp-Image-2018-03-08-at-09.01.41-768x1174.jpeg 768w, https:\/\/lisasbuecherleben.de\/wp-content\/uploads\/2018\/07\/WhatsApp-Image-2018-03-08-at-09.01.41-670x1024.jpeg 670w, https:\/\/lisasbuecherleben.de\/wp-content\/uploads\/2018\/07\/WhatsApp-Image-2018-03-08-at-09.01.41.jpeg 837w\" sizes=\"(max-width: 211px) 100vw, 211px\" \/><\/p>\n<p style=\"text-align: justify;\"><strong>Das Marketing<\/strong><\/p>\n<p><span style=\"text-align: justify;\">Hier entstehen Kooperationen. Mit Reiseanbietern, die Sprachlehrwerke in ihre Newsletter aufnehmen, Bloggern oder <\/span><span style=\"text-align: justify;\">Sprachlernhomepages, die Lust auf selten unterrichtete Sprachen haben. Au\u00dferdem werden hier Flyer und Vorschauen, Banner f\u00fcr die Verlagshomepage oder Anzeigen, die sp\u00e4ter in den B\u00fcchern abgedruckt werden, gestaltet. Eher selten kommt unser Verlag mit den Social Media in Ber\u00fchrung &#8211; als wissenschaftlicher Verlag erreichen wir in Universit\u00e4tsbuchhandlungen und auf Fachkonferenzen unsere Zielgruppe besser.&nbsp;<\/span><\/p>\n<p style=\"text-align: justify;\">Die Kundendatenbank wird bei uns auch vom Leiter der Marketingabteilung gemanaged und optimiert &#8211; genutzt wird sie allerdings haupts\u00e4chlich vom Vertrieb.<\/p>\n<p style=\"text-align: justify;\"><strong>Der Vertrieb (und die Buchhaltung)<\/strong><\/p>\n<p style=\"text-align: justify;\">Unser Vetrieb ist die Schnittstelle &#8222;nach au\u00dfen&#8220;. Hier gehen Bestellungen ein und werden ans Lager weitergeleitet, Buchhandlungen werden mit Werbematerial und Vorschauen versorgt. Meldet sich ein Kunde oder Vertreter mit einer allgemeinen Anfrage, landet er hier am Telefon. Unsere Buchhalterin k\u00fcmmert sich au\u00dferdem darum, dass Rechnungen (z.B. \u00fcber Paypal oder Kreditkarte) korrekt abgerechnet werden &#8211; alles Finanzielle (Reisekosten f\u00fcr Gesch\u00e4ftsreisen, Honorarauszahlungen an die Autoren, Geh\u00e4lter, Steuerged\u00f6ns) l\u00e4uft \u00fcber sie.<\/p>\n<p style=\"text-align: justify;\">Au\u00dferdem organisiert der Vertrieb die Reise der Verlagsmitarbeiter zu Tagungen oder Messen, sodass unsere Lektoren sich nur noch in den Zug setzen und ankommen m\u00fcssen. Die Arbeit hier ist ganz anders als in den anderen Abteilungen, weil Tagesgesch\u00e4ft abgearbeitet wird und die Aufgabenerf\u00fcllung viel kurzfristiger vonstatten gehen muss.<\/p>\n<p style=\"text-align: justify;\"><img decoding=\"async\" loading=\"lazy\" class=\"size-medium wp-image-252 alignleft\" src=\"http:\/\/lisasbuecherleben.de\/wp-content\/uploads\/2018\/07\/lager-300x300.jpg\" alt=\"\" width=\"300\" height=\"300\" srcset=\"https:\/\/lisasbuecherleben.de\/wp-content\/uploads\/2018\/07\/lager-300x300.jpg 300w, https:\/\/lisasbuecherleben.de\/wp-content\/uploads\/2018\/07\/lager-150x150.jpg 150w, https:\/\/lisasbuecherleben.de\/wp-content\/uploads\/2018\/07\/lager.jpg 598w\" sizes=\"(max-width: 300px) 100vw, 300px\" \/><\/p>\n<p style=\"text-align: justify;\"><strong>Das Lager<\/strong><\/p>\n<p style=\"text-align: justify;\">Der Verlag, in dem ich arbeite, hat das Gl\u00fcck, das Verlagshaus tats\u00e4chlich zu besitzen und nicht nur angemietet dar\u00fcber zu verf\u00fcgen. Das erm\u00f6glicht ein kleines Lager gegen\u00fcber des Haupthauses, in dem t\u00e4glich B\u00fccher angeliefert und abgeholt werden, Bestellungen gepackt und verschickt und die popul\u00e4rsten B\u00fccher eingelagert werden. Die Arbeit zwischen den Paletten ist teilweise ziemlich staubig, aber ich bin jedes Mal wieder begeistert von dem Lagersystem, das hier Anwendung findet.<\/p>\n<p style=\"text-align: justify;\"><strong>Die Herstellung<\/strong><\/p>\n<p style=\"text-align: justify;\">Die Herstellung ist f\u00fcr die Umsetzung der Manuskripte (aus dem Lektorat) als Druck oder eBook zust\u00e4ndig. Das bedeutet: Jede Menge Kommunikation mit Druckereien. Ihr glaubt gar nicht, was man beim Druck einer simplen pdf-Datei alles beachten muss. CMYK- oder RGB-Farben? Welches Gewicht braucht das Papier? Welche Kaschierung? Sind alle Schriften im Text eingebettet? Offset- oder Digitaldruck? Ihr versteht nur Bahnhof? Dann geht&#8217;s euch wie mir am Anfang. Wenn das Manuskript vom Autor endlich fertig ist, ist es n\u00e4mlich noch lange nicht vorbei.<\/p>\n<p style=\"text-align: justify;\">Bei uns in der Herstellung entstehen auch Kooperationen mit Entwicklern &#8211; wenn beispielsweise W\u00f6rterb\u00fccher in eine App eingebunden werden sollen oder es neue Software gibt, um Daten f\u00fcr selbige zusammenzutragen.<\/p>\n<hr>\n<p>\u00dcber all diesen Stationen steht dann der Verleger\/Gesch\u00e4ftsf\u00fchrer. Er hat bei uns Einblick in alle diese Bereiche und l\u00e4sst sich in Sitzungen oder kurzen Einzelgespr\u00e4chen immer wieder auf den neuesten Stand bringen, sodass er \u00fcber jedes Buch Bescheid wei\u00df, das grade im Verlag bearbeitet wird. Er segnet Vertragsschlie\u00dfungen ab und wirft einen letzten Blick auf Cover oder Kostenvoranschl\u00e4ge von au\u00dfen. Hier laufen dann alle F\u00e4den zusammen, sodass wir immer wieder wunderh\u00fcbsches neues Buchmaterial in H\u00e4nden halten k\u00f6nnen.<\/p>\n<p style=\"text-align: justify;\">\n","protected":false},"excerpt":{"rendered":"<p>Seit neun Monaten arbeite ich nun in dem Verlag, der mich letztes Jahr eingeladen hat, ein Volontariat zu absolvieren. Und viel zu lange schon habt ihr nichts Neues mehr geh\u00f6rt. Was treibe ich eigentlich den ganzen Tag bei der Arbeit? Zeit f\u00fcr eine kleine \u00dcbersicht, wie &#8222;mein&#8220; Verlag eigentlich so funktioniert. Das Lektorat Hier bin&hellip;<\/p>\n","protected":false},"author":1,"featured_media":427,"comment_status":"open","ping_status":"open","sticky":false,"template":"","format":"standard","meta":[],"categories":[12],"tags":[],"_links":{"self":[{"href":"https:\/\/lisasbuecherleben.de\/index.php?rest_route=\/wp\/v2\/posts\/251"}],"collection":[{"href":"https:\/\/lisasbuecherleben.de\/index.php?rest_route=\/wp\/v2\/posts"}],"about":[{"href":"https:\/\/lisasbuecherleben.de\/index.php?rest_route=\/wp\/v2\/types\/post"}],"author":[{"embeddable":true,"href":"https:\/\/lisasbuecherleben.de\/index.php?rest_route=\/wp\/v2\/users\/1"}],"replies":[{"embeddable":true,"href":"https:\/\/lisasbuecherleben.de\/index.php?rest_route=%2Fwp%2Fv2%2Fcomments&post=251"}],"version-history":[{"count":6,"href":"https:\/\/lisasbuecherleben.de\/index.php?rest_route=\/wp\/v2\/posts\/251\/revisions"}],"predecessor-version":[{"id":436,"href":"https:\/\/lisasbuecherleben.de\/index.php?rest_route=\/wp\/v2\/posts\/251\/revisions\/436"}],"wp:featuredmedia":[{"embeddable":true,"href":"https:\/\/lisasbuecherleben.de\/index.php?rest_route=\/wp\/v2\/media\/427"}],"wp:attachment":[{"href":"https:\/\/lisasbuecherleben.de\/index.php?rest_route=%2Fwp%2Fv2%2Fmedia&parent=251"}],"wp:term":[{"taxonomy":"category","embeddable":true,"href":"https:\/\/lisasbuecherleben.de\/index.php?rest_route=%2Fwp%2Fv2%2Fcategories&post=251"},{"taxonomy":"post_tag","embeddable":true,"href":"https:\/\/lisasbuecherleben.de\/index.php?rest_route=%2Fwp%2Fv2%2Ftags&post=251"}],"curies":[{"name":"wp","href":"https:\/\/api.w.org\/{rel}","templated":true}]}}