{"id":287,"date":"2018-08-01T09:27:32","date_gmt":"2018-08-01T09:27:32","guid":{"rendered":"http:\/\/lisasbuecherleben.de\/?p=287"},"modified":"2019-02-04T15:02:39","modified_gmt":"2019-02-04T15:02:39","slug":"ein-schatz-aus-papier-und-magie-von-traci-chee","status":"publish","type":"post","link":"https:\/\/lisasbuecherleben.de\/?p=287","title":{"rendered":"Ein Schatz aus Papier und Magie &#8211; von Traci Chee"},"content":{"rendered":"<p style=\"text-align: justify;\">Endlich ist also nach einem <a href=\"http:\/\/lisasbuecherleben.de\/?p=288\">f\u00fcr mich sehr interessanten<\/a> Auftakt auch der zweite Teil der Chroniken von Kelanna erschienen. Insgesamt erwarten uns hier drei B\u00e4nde (stilecht in Gold, Silber und Bronze gehalten), der letzte erscheint dann voraussichtlich im April 2019 &#8211; und um das vorweg zu nehmen: Ja, auch den werde ich mir zu Gem\u00fcte f\u00fchren!<\/p>\n<hr>\n<p style=\"text-align: justify;\">Nachdem im ersten Teil der Buchreihe irgendwie alles zusammengebrochen war und wir Leser mit dem Cliffhanger der ewigen Verdammnis sitzengelassen wurden, ist zu Beginn dieses Buches scheinbar wieder alles beim Alten. Sefia und Archer befinden sich auf der Flucht vor der Wache &#8211; allein mit sich und den sp\u00e4rlichen Informationen \u00fcber die Hintergr\u00fcnde des Krieges und die Bedeutung des mysteri\u00f6sen Buches, das Sefias Familiengeschichte schon lange zu begleiten scheint.<\/p>\n<p style=\"text-align: justify;\">Das zweite Buch scheint erwachsener geworden zu sein als sein Vorg\u00e4nger. W\u00e4hrend in &#8222;Ein Meer aus Tinte und Gold&#8220; noch sehr viele klassische Jugendbuchmotive zu finden waren (junge Person entdeckt besondere F\u00e4higkeiten, Heldenreise-Motiv, Aufkl\u00e4rung der Familiengeschichte&#8230;), erfahren wir hier endlich mehr \u00fcber Sefias Familie und die (auch politischen!) Hintergr\u00fcnde des gro\u00dfen Krieges. Das bringt ein bisschen mehr Tiefe in den Roman, was ihm meiner Meinung nach sehr gutgetan hat. Die Reise von Ort A nach Ort B schien weniger konstruiert und generisch als noch im ersten Teil und ich hatte insgesamt mehr das Gef\u00fchl, dass sich hier eine epische Geschichte um eine detailliert dargestellte Welt aufbauen kann.<\/p>\n<p style=\"text-align: justify;\">Immer noch ist nat\u00fcrlich der Schreibstil in luftig-leichter Jugendbuchmanier gehalten und trotz allen &#8222;Erwachsenwerdens&#8220; wird es auch nicht so d\u00fcster, dass sich das Klientel diesbez\u00fcglich ge\u00e4ndert h\u00e4tte. Trotzdem mochte ich den Twist, der sich hier ganz vorsichtig anliest &#8211; davon betroffen ist vor allem Archer, der sich mit seiner k\u00e4mpferischen Vergangenheit konfrontiert wird und droht, wieder in sein animalisches Wesen zur\u00fcckzufallen.<\/p>\n<p style=\"text-align: justify;\">Weiterhin und unver\u00e4ndert eine wunderbare Besonderheit der Reihe: Die bezaubernde Aufmachung. Die Geheimbotschaft, deren einzelne Worte sich neben den Seitenzahlen finden und die kurzen Episoden, die wieder in Antiker-Buch-Optik gedruckt wurden, finden sich auch in diesem Teil der Reihe wieder und machen &#8222;Die B\u00fccher von Kelanna&#8220; einfach zu einem wundersch\u00f6nen Hingucker im Regal.<\/p>\n<p style=\"text-align: justify;\">Mein Fazit: Auch der zweite Teil von &#8222;Ein Meer aus Tinte und Gold&#8220; \u00fcberzeugt mit einer mitrei\u00dfenden Geschichte und einem neuen Fokus und f\u00fchrt die Reise von Sefia w\u00fcrdig fort. Ein kurzweiliges Buch, das perfekt in meinen kurzen Sommerurlaub gepasst hat. Ich freu&#8216; mich auf den Abschluss!<\/p>\n<hr>\n<p style=\"text-align: justify;\"><img decoding=\"async\" loading=\"lazy\" class=\"wp-image-285 alignleft\" src=\"http:\/\/lisasbuecherleben.de\/wp-content\/uploads\/2018\/07\/kelanna-200x300.jpg\" alt=\"\" width=\"274\" height=\"411\" srcset=\"https:\/\/lisasbuecherleben.de\/wp-content\/uploads\/2018\/07\/kelanna-200x300.jpg 200w, https:\/\/lisasbuecherleben.de\/wp-content\/uploads\/2018\/07\/kelanna.jpg 298w\" sizes=\"(max-width: 274px) 100vw, 274px\" \/><\/p>\n<p>&nbsp;<\/p>\n<p style=\"text-align: justify;\"><em>Traci Chee: Ein Schatz aus Papier und Magie. Erschienen am 28. Juni 2018 im Carlsen Verlag. Kostenpunkt: 18,99\u20ac als Hardcover.<\/em><\/p>\n<p style=\"text-align: justify;\"><a href=\"https:\/\/www.carlsen.de\/hardcover\/ein-schatz-aus-papier-und-magie-das-buch-von-kelanna-2\/69110\"><em>Hier gehts direkt zum Buch.<\/em><\/a><\/p>\n<p style=\"text-align: justify;\"><em>Klappentext:<\/em><\/p>\n<div class=\"rows full content_content last\">\n<div class=\"column_66 first\">\n<div class=\"txt_box\">\n<p style=\"text-align: justify;\"><em>Nach der schmerzhaften Begegnung mit der Wache fl\u00fcchten Sefia und Archer sich in den Schutz der W\u00e4lder. Doch vor den qualvollen Bildern der Vergangenheit gibt es kein Entkommen. Um diese zu vertreiben, beschlie\u00dfen sie, die Organisation der Impressoren zu zerschlagen und die gefangenen Jungen zu befreien. Doch jeder Kampf macht Archer mehr und mehr zu dem unerbittlichen Krieger, der er fr\u00fcher war. Sefia will ihm beistehen und sucht in ihrem Buch nach Antworten. Denn Archers Schicksal stellt nicht nur ihre Freundschaft auf die Probe \u2013 auch die Sicherheit Kelannas steht auf dem Spiel.<\/em><\/p>\n<\/div>\n<\/div>\n<\/div>\n","protected":false},"excerpt":{"rendered":"<p>Endlich ist also nach einem f\u00fcr mich sehr interessanten Auftakt auch der zweite Teil der Chroniken von Kelanna erschienen. Insgesamt erwarten uns hier drei B\u00e4nde (stilecht in Gold, Silber und Bronze gehalten), der letzte erscheint dann voraussichtlich im April 2019 &#8211; und um das vorweg zu nehmen: Ja, auch den werde ich mir zu Gem\u00fcte&hellip;<\/p>\n","protected":false},"author":1,"featured_media":429,"comment_status":"open","ping_status":"open","sticky":false,"template":"","format":"standard","meta":[],"categories":[6],"tags":[],"_links":{"self":[{"href":"https:\/\/lisasbuecherleben.de\/index.php?rest_route=\/wp\/v2\/posts\/287"}],"collection":[{"href":"https:\/\/lisasbuecherleben.de\/index.php?rest_route=\/wp\/v2\/posts"}],"about":[{"href":"https:\/\/lisasbuecherleben.de\/index.php?rest_route=\/wp\/v2\/types\/post"}],"author":[{"embeddable":true,"href":"https:\/\/lisasbuecherleben.de\/index.php?rest_route=\/wp\/v2\/users\/1"}],"replies":[{"embeddable":true,"href":"https:\/\/lisasbuecherleben.de\/index.php?rest_route=%2Fwp%2Fv2%2Fcomments&post=287"}],"version-history":[{"count":4,"href":"https:\/\/lisasbuecherleben.de\/index.php?rest_route=\/wp\/v2\/posts\/287\/revisions"}],"predecessor-version":[{"id":439,"href":"https:\/\/lisasbuecherleben.de\/index.php?rest_route=\/wp\/v2\/posts\/287\/revisions\/439"}],"wp:featuredmedia":[{"embeddable":true,"href":"https:\/\/lisasbuecherleben.de\/index.php?rest_route=\/wp\/v2\/media\/429"}],"wp:attachment":[{"href":"https:\/\/lisasbuecherleben.de\/index.php?rest_route=%2Fwp%2Fv2%2Fmedia&parent=287"}],"wp:term":[{"taxonomy":"category","embeddable":true,"href":"https:\/\/lisasbuecherleben.de\/index.php?rest_route=%2Fwp%2Fv2%2Fcategories&post=287"},{"taxonomy":"post_tag","embeddable":true,"href":"https:\/\/lisasbuecherleben.de\/index.php?rest_route=%2Fwp%2Fv2%2Ftags&post=287"}],"curies":[{"name":"wp","href":"https:\/\/api.w.org\/{rel}","templated":true}]}}