{"id":288,"date":"2016-11-29T08:01:26","date_gmt":"2016-11-29T08:01:26","guid":{"rendered":"http:\/\/lisasbuecherleben.de\/?p=288"},"modified":"2019-02-04T15:15:52","modified_gmt":"2019-02-04T15:15:52","slug":"ein-meer-aus-tinte-und-gold-von-traci-chee","status":"publish","type":"post","link":"https:\/\/lisasbuecherleben.de\/?p=288","title":{"rendered":"Ein Meer aus Tinte und Gold &#8211; von Traci Chee"},"content":{"rendered":"<p style=\"text-align: justify;\">Jipiie, mein erstes Carlsen-Rezensionsexemplar ist angekommen!<\/p>\n<p style=\"text-align: justify;\">Die Protagostin von &#8222;Ein Meer aus Tinte und Gold&#8220; ist Sefia, die schon sehr fr\u00fch und unter mysteri\u00f6sen Umst\u00e4nden ihre Eltern verloren hat und mit ihrer Tante Nin von Ort zu Ort reist. St\u00e4ndig auf der Flucht vor&#8230; Ja, vor was eigentlich? Sefia selbst hat keine Ahnung, aber sie ahnt, dass es etwas mit dem merkw\u00fcrdigen, kantigen Ding zu tun hat, das sie aus ihrem Elternhaus mitgenommen hat &#8211; diesem&#8230; &#8222;Buch&#8220;?<\/p>\n<hr>\n<p style=\"text-align: justify;\">Die Welt, in der wir uns hier bewegen, ist eine mittelalterliche. Es gibt keine Schriftzeichen oder Medien f\u00fcr Schrift (Vielleicht doch ein Horrorroman?? :D). Dabei bleibt sie relativ traditionell high-fantasy-m\u00e4\u00dfig aufgebaut. Wir treffen Banditen, Menschenh\u00e4ndler, Kneipenbesitzer, Piraten, Assassinen und sonstiges Gesocks &#8211; einige davon h\u00f6chst liebenswert, die meisten eher nicht so.<\/p>\n<p style=\"text-align: justify;\">Durch die Handlung zieht sich dabei immer das Mysterium Buch &#8211; warum ist jemand hinter Sefia her? Warum hat sie immer wieder Visionen? Diese Fragen bilden den roten Faden, an dem sich die Protagonisten entlanghangeln und das funktioniert prima, denn es hat eine epische Abenteuerreise zur Folge. Au\u00dferdem kommt man als Leser selbst ins R\u00e4tseln &#8211; hier verschwindet die Schrift auf einmal langsam, da ist eine Passage \u00fcberpinselt und was hat es mit den einzelnen Worten unten neben den Seitenzahlen auf sich, die in unregelm\u00e4\u00dfigen Abst\u00e4nden auftauchen? Die Form des Buches selbst ist mal was anderes und regt zum Mitfiebern an. Befinden wir uns etwa vor genau jenem Buch, das Sefia die ganze Zeit mit sich herumtr\u00e4gt?<\/p>\n<p style=\"text-align: justify;\">Der Schreibstil ist wunderbar fl\u00fcssig und hat mich bequem durch die Geschichte gef\u00fchrt. Das Niveau der Sprache ist wohl &#8222;Jugendbuch&#8220;, &#8222;Ein Meer aus Tinte und Gold&#8220; eignet sich demnach hervorragend f\u00fcr ein j\u00fcngeres Klientel oder auch als kurzweiliges Kuschelbuch f\u00fcr die schmuddlige Zeit vor dem Kamin. Es traf damit genau das, was ich mir gew\u00fcnscht und was ich gebraucht hatte. Wer einen hohen literarischen Anspruch sucht, ist hier aber ganz klar falsch.<\/p>\n<p style=\"text-align: justify;\">Die Charaktere sind das Herz des Buches &#8211; ich war sehr begeistert von Sefia. Die Nebencharaktere sind allerdings ebenso liebevoll ausgearbeitet und auch wenn man oft am Anfang nicht so genau wei\u00df, ob man selbst an Sefias Stelle diesem Menschen trauen w\u00fcrde, entwickelt man sehr schnell einen pers\u00f6nlichen Bezug (ob positiv oder negativ).<\/p>\n<p style=\"text-align: justify;\">Mein Fazit: Ein tolles, fesselndes Buch und ein interessanter Auftakt f\u00fcr mehr Abenteuer in dieser Welt! Die richtige Mischung aus Fantasy, Abenteuer und Action machen es empfehlenswert und ich bin sehr gespannt, welche R\u00e4tsel da im zweiten Teil noch entschl\u00fcsselt werden.<\/p>\n<hr>\n<p style=\"text-align: justify;\"><img decoding=\"async\" loading=\"lazy\" class=\" wp-image-290 alignleft\" src=\"http:\/\/lisasbuecherleben.de\/wp-content\/uploads\/2018\/07\/9783551583529-200x300.jpg\" alt=\"\" width=\"253\" height=\"380\" srcset=\"https:\/\/lisasbuecherleben.de\/wp-content\/uploads\/2018\/07\/9783551583529-200x300.jpg 200w, https:\/\/lisasbuecherleben.de\/wp-content\/uploads\/2018\/07\/9783551583529.jpg 298w\" sizes=\"(max-width: 253px) 100vw, 253px\" \/><\/p>\n<p>&nbsp;<\/p>\n<p><em>Traci Chee: Ein Meer aus Tinte und Gold. Erschienen am 25. November 2016 im Carlsen Verlag. Kostenpunkt: 17,99\u20ac als Hardcover.<\/em><\/p>\n<p><em><a href=\"https:\/\/www.carlsen.de\/hardcover\/ein-meer-aus-tinte-und-gold-das-buch-von-kelanna-1\/69109\">Hier gehts direkt zum Buch.<\/a><\/em><\/p>\n<p><em>Klappentext:<\/em><\/p>\n<p><em>Seit Sefias Vater ermordet wurde, k\u00e4mpft sie mit ihrer Tante Nin ums \u00dcberleben. Aber dann wird Nin entf\u00fchrt und die einzige Spur zu ihr ist ein Buch: ein scheinbar nutzloser Gegenstand in einem Land, in dem fast niemand um die Existenz des geschriebenen Wortes wei\u00df. Doch kaum ber\u00fchrt Sefia das makellose Papier, sp\u00fcrt sie eine magische Verbundenheit und lernt die Zeichen zu deuten. Sie f\u00fchren sie nicht nur auf eine gef\u00e4hrliche Reise, sondern auch an die Seite eines stummen Jungen, der selbst voller Geheimnisse steckt. Gemeinsam wollen sie Nin finden \u2013 und den Tod von Sefias Vater r\u00e4chen.<\/em><\/p>\n","protected":false},"excerpt":{"rendered":"<p>Jipiie, mein erstes Carlsen-Rezensionsexemplar ist angekommen! Die Protagostin von &#8222;Ein Meer aus Tinte und Gold&#8220; ist Sefia, die schon sehr fr\u00fch und unter mysteri\u00f6sen Umst\u00e4nden ihre Eltern verloren hat und mit ihrer Tante Nin von Ort zu Ort reist. St\u00e4ndig auf der Flucht vor&#8230; Ja, vor was eigentlich? Sefia selbst hat keine Ahnung, aber sie&hellip;<\/p>\n","protected":false},"author":1,"featured_media":429,"comment_status":"open","ping_status":"open","sticky":false,"template":"","format":"standard","meta":[],"categories":[6],"tags":[],"_links":{"self":[{"href":"https:\/\/lisasbuecherleben.de\/index.php?rest_route=\/wp\/v2\/posts\/288"}],"collection":[{"href":"https:\/\/lisasbuecherleben.de\/index.php?rest_route=\/wp\/v2\/posts"}],"about":[{"href":"https:\/\/lisasbuecherleben.de\/index.php?rest_route=\/wp\/v2\/types\/post"}],"author":[{"embeddable":true,"href":"https:\/\/lisasbuecherleben.de\/index.php?rest_route=\/wp\/v2\/users\/1"}],"replies":[{"embeddable":true,"href":"https:\/\/lisasbuecherleben.de\/index.php?rest_route=%2Fwp%2Fv2%2Fcomments&post=288"}],"version-history":[{"count":4,"href":"https:\/\/lisasbuecherleben.de\/index.php?rest_route=\/wp\/v2\/posts\/288\/revisions"}],"predecessor-version":[{"id":467,"href":"https:\/\/lisasbuecherleben.de\/index.php?rest_route=\/wp\/v2\/posts\/288\/revisions\/467"}],"wp:featuredmedia":[{"embeddable":true,"href":"https:\/\/lisasbuecherleben.de\/index.php?rest_route=\/wp\/v2\/media\/429"}],"wp:attachment":[{"href":"https:\/\/lisasbuecherleben.de\/index.php?rest_route=%2Fwp%2Fv2%2Fmedia&parent=288"}],"wp:term":[{"taxonomy":"category","embeddable":true,"href":"https:\/\/lisasbuecherleben.de\/index.php?rest_route=%2Fwp%2Fv2%2Fcategories&post=288"},{"taxonomy":"post_tag","embeddable":true,"href":"https:\/\/lisasbuecherleben.de\/index.php?rest_route=%2Fwp%2Fv2%2Ftags&post=288"}],"curies":[{"name":"wp","href":"https:\/\/api.w.org\/{rel}","templated":true}]}}