{"id":355,"date":"2018-01-24T13:01:43","date_gmt":"2018-01-24T13:01:43","guid":{"rendered":"http:\/\/lisasbuecherleben.de\/?p=355"},"modified":"2019-02-04T15:12:58","modified_gmt":"2019-02-04T15:12:58","slug":"was-von-mir-bleibt-von-lara-avery","status":"publish","type":"post","link":"https:\/\/lisasbuecherleben.de\/?p=355","title":{"rendered":"Was von mir bleibt &#8211; von Lara Avery"},"content":{"rendered":"<p style=\"text-align: justify;\">Es rei\u00dft nicht ab. Aber ich verspreche &#8211; das ist erstmal wieder das letzte Buch aus der Reihe &#8222;Lisa muss jetzt mal ein verbuchtes emotionales Einzelschicksal lesen!&#8220;<\/p>\n<hr>\n<p style=\"text-align: justify;\">Sammie steht kurz vor dem Schulabschluss und gibt alles, um danach auf die Universit\u00e4t in New York gehen zu d\u00fcrfen. Kurz bevor sie ihr sehnlichstes Ziel erreicht hat, bekommt sie allerdings eine furchtbare Diagnose. Durch eine unheilbare Krankheit wird sie ihr Erinnerungsverm\u00f6gen verlieren und ihren K\u00f6rper bald nicht mehr kontrollieren k\u00f6nnen.<\/p>\n<p style=\"text-align: justify;\">Das komplette Buch ist in Tagebuchform geschrieben. Das macht die Eintr\u00e4ge von Stimmung zu Stimmung sehr unterschiedlich &#8211; besonders als sich die ersten Symptome der Krankheit zeigen, demonstriert die Autorin auf beeindruckende Weise, wie spielerisch sie ihren Erz\u00e4hlstil anpassen kann. Von langen, ausufernden Beitr\u00e4gen wird schon mal zu ganz kurzen, wirren S\u00e4tzen gewechselt &#8211; und teilweise auf korrekte Rechtschreibung verzichtet. Ein sehr sch\u00f6n verwendetes Stilmittel, um den Leser emotional zu binden.<\/p>\n<p style=\"text-align: justify;\">Sammie ist eine spezielle Protagonistin. Sie versucht, stark zu bleiben &#8211; das \u00e4u\u00dfert sich auch mal durch (ich sage mal nett) &#8222;jugendliche&#8220; Sprache und enthusiastische Schw\u00e4rmereien \u00fcber die Zukunft. Ich kann mir vorstellen, dass sie mit ihrer forschen Art nicht bei allen Lesern gut ankommt &#8211; es ist aber einfach ihre Art, mit dieser Situation umzugehen und zu \u00fcberspielen, dass sie darunter leidet. Ich konnte mich sehr gut damit identifizieren.<\/p>\n<p style=\"text-align: justify;\">Sprachlich ist die Geschichte gepr\u00e4gt von derbem Humor, Wortspielen und Anspielungen. Ich habe so manches Mal grinsen m\u00fcssen.<\/p>\n<p style=\"text-align: justify;\">Was mich dann doch noch genervt hat: In den Lebenslauf der Protagonistin wurde f\u00fcr mich \u00fcberfl\u00fcssigerweise noch eine Romanze der besonderen Art eingebaut. Ich h\u00e4tte mir gew\u00fcnscht, dass dieser Teil reduzierter stattgefunden h\u00e4tte &#8211; er wirkte f\u00fcr mich h\u00f6lzern und gewollt dramatisiert.<\/p>\n<p style=\"text-align: justify;\">Mein Fazit: &#8222;Was von mir bleibt&#8220; ist ein spezielles Buch, das sicherlich nicht f\u00fcr jeden gemacht ist. F\u00fcr Freunde von spitzfindigen schwarzhumorigen Wortspielereien, die bereit sich, sich auf den au\u00dfergew\u00f6hnlichen Leidensweg der Teenagerin einzulassen, kann ich es jedoch nur hochhalten. Eine besondere Geschichte!<\/p>\n<hr>\n<p style=\"text-align: justify;\" data-blogger-escaped-style=\"clear: both; text-align: center;\"><a href=\"https:\/\/3.bp.blogspot.com\/-0n2wRpPRfLA\/WmiSsP7ofnI\/AAAAAAAACsQ\/e8F4zfZ-XPES0aB2HnBJNl45JSSwRvAmACLcBGAs\/s1600\/9783551583734.jpg\" data-blogger-escaped-style=\"margin-left: 1em; margin-right: 1em;\"><img decoding=\"async\" loading=\"lazy\" class=\"alignleft\" src=\"https:\/\/3.bp.blogspot.com\/-0n2wRpPRfLA\/WmiSsP7ofnI\/AAAAAAAACsQ\/e8F4zfZ-XPES0aB2HnBJNl45JSSwRvAmACLcBGAs\/s400\/9783551583734.jpg\" width=\"271\" height=\"400\" border=\"0\" data-blogger-escaped-data-original-height=\"438\" data-blogger-escaped-data-original-width=\"298\"><\/a><\/p>\n<p style=\"text-align: justify;\"><em>Lara Avery: Was von mir bleibt. Erschienen am 30. November 2017 im Carlsen Verlag. Kostenpunkt: 19,99\u20ac als Hardcover.<\/em><\/p>\n<p style=\"text-align: justify;\"><em><a href=\"https:\/\/www.carlsen.de\/hardcover\/was-von-mir-bleibt\/81000\">Hier gehts direkt zum Buch.<\/a><\/em><\/p>\n<p style=\"text-align: justify;\"><em>Klappentext:<\/em><\/p>\n<p style=\"text-align: justify;\"><em>Sammie ist klug, selbstbewusst und hat nur ein Ziel: den besten Schulabschluss machen und ihrer Heimatstadt so schnell wie m\u00f6glich den R\u00fccken kehren. W\u00e4re da nicht diese unheilbare Krankheit, die ihr \u2013 so sagen die \u00c4rzte \u2013 nach und nach alle Erinnerungen rauben wird. Doch Sammie will sie festhalten: die Erinnerung an Stuart und ihren ersten Kuss. An Maddie und den gro\u00dfen Streit. Und an Cooper, der wie kein anderer Sammie zum Lachen bringt. Sammie schreibt, um eins niemals zu vergessen: dass sie ihr Leben gelebt hat, bis zum Schluss.<\/em><\/p>\n","protected":false},"excerpt":{"rendered":"<p>Es rei\u00dft nicht ab. Aber ich verspreche &#8211; das ist erstmal wieder das letzte Buch aus der Reihe &#8222;Lisa muss jetzt mal ein verbuchtes emotionales Einzelschicksal lesen!&#8220; Sammie steht kurz vor dem Schulabschluss und gibt alles, um danach auf die Universit\u00e4t in New York gehen zu d\u00fcrfen. Kurz bevor sie ihr sehnlichstes Ziel erreicht hat,&hellip;<\/p>\n","protected":false},"author":1,"featured_media":429,"comment_status":"open","ping_status":"open","sticky":false,"template":"","format":"standard","meta":[],"categories":[3],"tags":[],"_links":{"self":[{"href":"https:\/\/lisasbuecherleben.de\/index.php?rest_route=\/wp\/v2\/posts\/355"}],"collection":[{"href":"https:\/\/lisasbuecherleben.de\/index.php?rest_route=\/wp\/v2\/posts"}],"about":[{"href":"https:\/\/lisasbuecherleben.de\/index.php?rest_route=\/wp\/v2\/types\/post"}],"author":[{"embeddable":true,"href":"https:\/\/lisasbuecherleben.de\/index.php?rest_route=\/wp\/v2\/users\/1"}],"replies":[{"embeddable":true,"href":"https:\/\/lisasbuecherleben.de\/index.php?rest_route=%2Fwp%2Fv2%2Fcomments&post=355"}],"version-history":[{"count":3,"href":"https:\/\/lisasbuecherleben.de\/index.php?rest_route=\/wp\/v2\/posts\/355\/revisions"}],"predecessor-version":[{"id":460,"href":"https:\/\/lisasbuecherleben.de\/index.php?rest_route=\/wp\/v2\/posts\/355\/revisions\/460"}],"wp:featuredmedia":[{"embeddable":true,"href":"https:\/\/lisasbuecherleben.de\/index.php?rest_route=\/wp\/v2\/media\/429"}],"wp:attachment":[{"href":"https:\/\/lisasbuecherleben.de\/index.php?rest_route=%2Fwp%2Fv2%2Fmedia&parent=355"}],"wp:term":[{"taxonomy":"category","embeddable":true,"href":"https:\/\/lisasbuecherleben.de\/index.php?rest_route=%2Fwp%2Fv2%2Fcategories&post=355"},{"taxonomy":"post_tag","embeddable":true,"href":"https:\/\/lisasbuecherleben.de\/index.php?rest_route=%2Fwp%2Fv2%2Ftags&post=355"}],"curies":[{"name":"wp","href":"https:\/\/api.w.org\/{rel}","templated":true}]}}