{"id":361,"date":"2018-08-18T13:54:56","date_gmt":"2018-08-18T13:54:56","guid":{"rendered":"http:\/\/lisasbuecherleben.de\/?p=361"},"modified":"2019-02-04T15:00:37","modified_gmt":"2019-02-04T15:00:37","slug":"mutsch-meint-boschs-vermaechtnis-von-christian-von-aster","status":"publish","type":"post","link":"https:\/\/lisasbuecherleben.de\/?p=361","title":{"rendered":"Mutsch meint &#8211; Boschs Verm\u00e4chtnis von Christian von Aster"},"content":{"rendered":"<p style=\"text-align: justify;\"><img decoding=\"async\" loading=\"lazy\" class=\"size-medium wp-image-86 alignleft\" src=\"http:\/\/lisasbuecherleben.de\/wp-content\/uploads\/2018\/05\/mama-181x300.jpg\" alt=\"\" width=\"181\" height=\"300\" srcset=\"https:\/\/lisasbuecherleben.de\/wp-content\/uploads\/2018\/05\/mama-181x300.jpg 181w, https:\/\/lisasbuecherleben.de\/wp-content\/uploads\/2018\/05\/mama-768x1270.jpg 768w, https:\/\/lisasbuecherleben.de\/wp-content\/uploads\/2018\/05\/mama-619x1024.jpg 619w, https:\/\/lisasbuecherleben.de\/wp-content\/uploads\/2018\/05\/mama.jpg 774w\" sizes=\"(max-width: 181px) 100vw, 181px\" \/>Diese Anthologie entstand aus der Feder von 32 Autoren verschiedener Genres. Den Rahmen bildete eins der Bilder des ber\u00fchmten K\u00fcnstlers Hieronymus Bosch &#8211; aber nicht etwa das Gesamtbildnis! Jeder Autor erhielt einen Bildausschnitt, auf dessen Grundlage sich eine Geschichte entspinnen sollte. Das ist bei Boschs d\u00fcsterem Stil gar nicht so leicht, allerdings hat der Maler auch eine gro\u00dfe Liebe f\u00fcr&#8217;s Detail &#8211; inhaltsleere Bildausschnitte sollte es also auch nicht geben.<\/p>\n<hr>\n<p style=\"text-align: justify;\">Wer sich schon mal mit dem K\u00fcnstler Hyronimus Bosch besch\u00e4ftigt hat, wird begeistert von dieser Kurzgeschichtensammlung sein! Wer es noch nicht getan hat, wird es auf jeden Fall beim Lesen dieses Buches tun!<br \/>\nEs geht um ein Triptichon von Bosch mit der Darstellung des Garten Eden, der H\u00f6lle und der Versuchung\/Lust. Als erster Surrealist hat Bosch die Darstellung verst\u00f6rend, beeindruckend und \u00fcberw\u00e4ltigend zugleich gemalt.<\/p>\n<p style=\"text-align: justify;\">In dem Buch schreiben verschiedene Autoren Kurzgeschichten zu diesem Bild. Jeder einzelne Autor zeigt dabei seinen eigenen Stil und seine eigene Gedankenwelt.<br \/>\nDie Kurzgeschichten f\u00fchren den Leser\/in in Welten mit Meerjungfrauen, ins Mittelalter, inmitten von Mordgeschehnissen und, und, und\u2026.<\/p>\n<p style=\"text-align: justify;\">Es macht einfach Spa\u00df, zu lesen, wie jeder Autor anders an das Thema herangeht und seine Fantasiewelt entwickelt.<br \/>\nDas Buch ist in einem sehr handlichen Format hergestellt worden und da es immer nur kurze Geschichten enth\u00e4lt, auch superpraktisch f\u00fcr unterwegs.<\/p>\n<p style=\"text-align: justify;\">Ich habe es auf jeden Fall auf der Bahnfahrt von Leipzig nach Hause verschlungen und finde es einfach gro\u00dfartig!<\/p>\n<hr>\n<p><img decoding=\"async\" loading=\"lazy\" class=\"size-medium wp-image-362 alignleft\" src=\"http:\/\/lisasbuecherleben.de\/wp-content\/uploads\/2018\/08\/51FJqrlBBWL._SX308_BO1204203200_-186x300.jpg\" alt=\"\" width=\"186\" height=\"300\" srcset=\"https:\/\/lisasbuecherleben.de\/wp-content\/uploads\/2018\/08\/51FJqrlBBWL._SX308_BO1204203200_-186x300.jpg 186w, https:\/\/lisasbuecherleben.de\/wp-content\/uploads\/2018\/08\/51FJqrlBBWL._SX308_BO1204203200_.jpg 310w\" sizes=\"(max-width: 186px) 100vw, 186px\" \/><\/p>\n<p><em>Christian Aster (Hrsg.): Boschs Verm\u00e4chtnis, Geschichten aus dem Garten der L\u00fcste. Erschienen am 16. M\u00e4rz 2018 bei Edition Roter Drache. Kostenpunkt: 17,95\u20ac als Hardcover.<\/em><\/p>\n<p><em><a href=\"https:\/\/www.roterdrache.org\/catalog\/Belletristik-Roman-Satire\/Boschs-Vermaechtnis::207.html\">Hier gehts direkt zum Buch.<\/a><\/em><\/p>\n<p><em>Klappentext:<\/em><\/p>\n<p style=\"text-align: justify;\"><em>Der Garten der L\u00fcste.<\/em><br \/>\n<em>Eines der mysteri\u00f6sesten Bilder der Kunstgeschichte.<\/em><br \/>\n<em>Dunkel, sonderbar und geheimnisvoll.<\/em><\/p>\n<p><em>Im Rahmen dieser Sammlung wagen 32 Autoren zwischen Phantastik und Historie das zu bergen, was Meister Bosch wom\u00f6glich in seinem Tryptichon verborgen hat: Geschichen zwischen Schrecken und Wahrheit, Glaube und Ketzerei, die vom 15. Jahrhundert bis in die heutige Zeit reichen und dabei so verschieden sind wie das Paradies und H\u00f6lle. 32 Interpretationen abgr\u00fcndiger Kreaturen und Symbole. Geschichten, die den Leser staunen, schaudern, vielleicht gar schmunzeln, aber gewiss nicht gleichg\u00fcltig lassen.&nbsp;<\/em><\/p>\n","protected":false},"excerpt":{"rendered":"<p>Diese Anthologie entstand aus der Feder von 32 Autoren verschiedener Genres. Den Rahmen bildete eins der Bilder des ber\u00fchmten K\u00fcnstlers Hieronymus Bosch &#8211; aber nicht etwa das Gesamtbildnis! Jeder Autor erhielt einen Bildausschnitt, auf dessen Grundlage sich eine Geschichte entspinnen sollte. Das ist bei Boschs d\u00fcsterem Stil gar nicht so leicht, allerdings hat der Maler&hellip;<\/p>\n","protected":false},"author":1,"featured_media":434,"comment_status":"open","ping_status":"open","sticky":false,"template":"","format":"standard","meta":[],"categories":[7],"tags":[],"_links":{"self":[{"href":"https:\/\/lisasbuecherleben.de\/index.php?rest_route=\/wp\/v2\/posts\/361"}],"collection":[{"href":"https:\/\/lisasbuecherleben.de\/index.php?rest_route=\/wp\/v2\/posts"}],"about":[{"href":"https:\/\/lisasbuecherleben.de\/index.php?rest_route=\/wp\/v2\/types\/post"}],"author":[{"embeddable":true,"href":"https:\/\/lisasbuecherleben.de\/index.php?rest_route=\/wp\/v2\/users\/1"}],"replies":[{"embeddable":true,"href":"https:\/\/lisasbuecherleben.de\/index.php?rest_route=%2Fwp%2Fv2%2Fcomments&post=361"}],"version-history":[{"count":5,"href":"https:\/\/lisasbuecherleben.de\/index.php?rest_route=\/wp\/v2\/posts\/361\/revisions"}],"predecessor-version":[{"id":435,"href":"https:\/\/lisasbuecherleben.de\/index.php?rest_route=\/wp\/v2\/posts\/361\/revisions\/435"}],"wp:featuredmedia":[{"embeddable":true,"href":"https:\/\/lisasbuecherleben.de\/index.php?rest_route=\/wp\/v2\/media\/434"}],"wp:attachment":[{"href":"https:\/\/lisasbuecherleben.de\/index.php?rest_route=%2Fwp%2Fv2%2Fmedia&parent=361"}],"wp:term":[{"taxonomy":"category","embeddable":true,"href":"https:\/\/lisasbuecherleben.de\/index.php?rest_route=%2Fwp%2Fv2%2Fcategories&post=361"},{"taxonomy":"post_tag","embeddable":true,"href":"https:\/\/lisasbuecherleben.de\/index.php?rest_route=%2Fwp%2Fv2%2Ftags&post=361"}],"curies":[{"name":"wp","href":"https:\/\/api.w.org\/{rel}","templated":true}]}}