{"id":482,"date":"2018-10-16T11:03:38","date_gmt":"2018-10-16T11:03:38","guid":{"rendered":"http:\/\/lisasbuecherleben.de\/?p=482"},"modified":"2019-02-25T14:37:54","modified_gmt":"2019-02-25T14:37:54","slug":"oliver-parkins-von-patrick-l-blockum","status":"publish","type":"post","link":"https:\/\/lisasbuecherleben.de\/?p=482","title":{"rendered":"Oliver Parkins &#8211; von Patrick L. Blockum"},"content":{"rendered":"\n<p>F\u00fcr Oliver und seine Familie ist das Leben schwer. Die Nachkriegszeit ist f\u00fcr alle entbehrungsreich &#8211;  Hunger und der Wunsch nach einem unbeschwerten Leben pr\u00e4gen den Alltag von Oliver und seinem Freund Alfie. Umso befreiender kommt da ein Ausflug in den Wanderzirkus daher, den unser Protagonist mit seiner Familie unternimmt, denn sie endet unerwartet in einer fremden Welt&#8230;<\/p>\n\n\n\n<hr class=\"wp-block-separator\"\/>\n\n\n\n<p>Ich habe zu diesem Buch so viel zu sagen, dass ich gar nicht wei\u00df, wo ich anfangen soll!<br><strong>Punkt eins:<\/strong> Trotz der h\u00fcbschen gezeichneten Zirkus-Aufmachung ist dieses Buch f\u00fcr mich kein Kinderbuch. Es hat diesen d\u00fcsteren, einnehmenden Touch und eine sehr starke, bildliche Sprache, die ich ganz gro\u00dfartig fand, die aber f\u00fcr Elfj\u00e4hrige (das w\u00e4re dann Olivers Alter) noch ein bisschen viel sein k\u00f6nnte.<br><strong>Punkt zwei: <\/strong>Das Buch enth\u00e4lt noch ein ganzes Rudel an Logikfehlern. Da ist der Soldat, der die Geschichte h\u00f6ren soll, wie sein Kollege verschwand &#8211; und dann rausgeschickt wird. Da ist der Gasthof mitten im Nirgendwo, in dem unsere Protagonisten niemandem begegnen, der aber total gut laufen soll. Ein Schmankerl\/Recherchefehler: Satyrn sind keine Stiermenschen!<br><strong>Punkt drei:<\/strong> Oliver, der aus einer vom Krieg gebeutelten Welt stammt, verschwendet keinen Gedanken an seine zur\u00fcckgelassene Familie, noch hat er Kriegstraumata oder zieht irgendwelche Bez\u00fcge zu seiner Vergangenheit. Er ist eine v\u00f6llig vergangenheits- und geschichtslose Figur und dient nur als Projektionsfl\u00e4che, um durch den Plot zu f\u00fchren. Schade, denn das sorgte daf\u00fcr, dass ich mich so \u00fcberhaupt nicht mit ihm identifizieren konnte. Daf\u00fcr sorgt auch die Erz\u00e4hlperspektive. Es gibt keine Innenansicht der Charaktere, sie bleiben passiv und man kann ihre Handlungen nur von extern nachvollziehen.<br><strong>Punkt vier (bin gleich fertig, ich versprech&#8217;s^^!):<\/strong> Dieser Autor kann schreiben! Er malt mit der Sprache die sch\u00f6nsten Bilder &#8211; aber da ist noch so viel mehr Potenzial! Auf der einen Seite werden faszinierende Wesen erschaffen (Feliaden) auf der anderen wird auf altbekannte Fantasykreaturen wie Oger, Gnome und Elfen zur\u00fcckgegriffen. Es f\u00fchlt sich an, als w\u00fcrde hier ein Plotplan abgearbeitet, ohne nach links und rechts zu schauen. Und dabei h\u00e4tte ich mir genau das sehr gew\u00fcnscht &#8211; dass Carsalen einfach greifbarer und bunter f\u00fcr mich wird.<\/p>\n\n\n\n<p>Alles in allem ist &#8222;Oliver Parkins: Die Entdeckung von Carsalen&#8220; ein bezauberndes Buch aus einer anderen Welt. Es h\u00e4tte ein Cornelia-Funke-eskes Jugendbuch werden k\u00f6nnen, wenn das Potenzial des Autors voll ausgesch\u00f6pft worden w\u00e4re. So sind mir da leider noch zu viele kleine Fehlerchen, zu viele Ungereimtheiten und zu flache Charaktere unterwegs, die mich keinen Zugang zur Welt Carsalen finden lassen.<\/p>\n\n\n\n<hr class=\"wp-block-separator\"\/>\n\n\n\n<div class=\"wp-block-media-text alignwide\" style=\"grid-template-columns:42% auto\"><figure class=\"wp-block-media-text__media\"><img decoding=\"async\" loading=\"lazy\" width=\"329\" height=\"499\" src=\"https:\/\/lisasbuecherleben.de\/wp-content\/uploads\/2019\/02\/parkins-1.jpg\" alt=\"\" class=\"wp-image-492\" srcset=\"https:\/\/lisasbuecherleben.de\/wp-content\/uploads\/2019\/02\/parkins-1.jpg 329w, https:\/\/lisasbuecherleben.de\/wp-content\/uploads\/2019\/02\/parkins-1-198x300.jpg 198w\" sizes=\"(max-width: 329px) 100vw, 329px\" \/><\/figure><div class=\"wp-block-media-text__content\">\n<p><em>Patrick L. Blockum: Oliver Parkins, Die Entdeckung von Carsalen.<br>Erschienen am 14. September 2018 bei A Tree &amp; A Valley.<br>Kostenpunkt: 13,99\u20ac als Taschenbuch.<\/em><br><a href=\"https:\/\/www.verlag-atav.de\/Oliver_Parkins\">Hier gehts direkt zum Buch.<\/a><br><br>Klappentext:<br>Als ein Wanderzirkus nach Fairie\u2019s Willow kommt, wird das Leben des elfj\u00e4hrigen Oliver und seines besten Freundes Alfie schlagartig auf den Kopf gestellt. Sprechende Eichh\u00f6rnchen, magische Welten, Oliver kann es gar nicht glauben, doch der vermeintliche Zirkusdirektor und Sonderling Alfonso Panzini zeigt den beiden Freunden einen Weg in das geheimnisvolle K\u00f6nigreich Carsalen. Zusammen betreten sie das Land hinter den Sternen, treffen auf wundersame Gestalten und begeben sich auf den Pfad einer alten Prophezeiung. Ist Oliver wirklich der Auserw\u00e4hlte, der das Land von finsteren M\u00e4chten befreien soll? <br><br><\/p>\n<\/div><\/div>\n","protected":false},"excerpt":{"rendered":"<p>F\u00fcr Oliver und seine Familie ist das Leben schwer. Die Nachkriegszeit ist f\u00fcr alle entbehrungsreich &#8211; Hunger und der Wunsch nach einem unbeschwerten Leben pr\u00e4gen den Alltag von Oliver und seinem Freund Alfie. Umso befreiender kommt da ein Ausflug in den Wanderzirkus daher, den unser Protagonist mit seiner Familie unternimmt, denn sie endet unerwartet in&hellip;<\/p>\n","protected":false},"author":1,"featured_media":429,"comment_status":"open","ping_status":"open","sticky":false,"template":"","format":"standard","meta":[],"categories":[6,18],"tags":[],"_links":{"self":[{"href":"https:\/\/lisasbuecherleben.de\/index.php?rest_route=\/wp\/v2\/posts\/482"}],"collection":[{"href":"https:\/\/lisasbuecherleben.de\/index.php?rest_route=\/wp\/v2\/posts"}],"about":[{"href":"https:\/\/lisasbuecherleben.de\/index.php?rest_route=\/wp\/v2\/types\/post"}],"author":[{"embeddable":true,"href":"https:\/\/lisasbuecherleben.de\/index.php?rest_route=\/wp\/v2\/users\/1"}],"replies":[{"embeddable":true,"href":"https:\/\/lisasbuecherleben.de\/index.php?rest_route=%2Fwp%2Fv2%2Fcomments&post=482"}],"version-history":[{"count":8,"href":"https:\/\/lisasbuecherleben.de\/index.php?rest_route=\/wp\/v2\/posts\/482\/revisions"}],"predecessor-version":[{"id":497,"href":"https:\/\/lisasbuecherleben.de\/index.php?rest_route=\/wp\/v2\/posts\/482\/revisions\/497"}],"wp:featuredmedia":[{"embeddable":true,"href":"https:\/\/lisasbuecherleben.de\/index.php?rest_route=\/wp\/v2\/media\/429"}],"wp:attachment":[{"href":"https:\/\/lisasbuecherleben.de\/index.php?rest_route=%2Fwp%2Fv2%2Fmedia&parent=482"}],"wp:term":[{"taxonomy":"category","embeddable":true,"href":"https:\/\/lisasbuecherleben.de\/index.php?rest_route=%2Fwp%2Fv2%2Fcategories&post=482"},{"taxonomy":"post_tag","embeddable":true,"href":"https:\/\/lisasbuecherleben.de\/index.php?rest_route=%2Fwp%2Fv2%2Ftags&post=482"}],"curies":[{"name":"wp","href":"https:\/\/api.w.org\/{rel}","templated":true}]}}