{"id":519,"date":"2019-02-23T15:48:38","date_gmt":"2019-02-23T15:48:38","guid":{"rendered":"http:\/\/lisasbuecherleben.de\/?p=519"},"modified":"2019-03-11T15:49:54","modified_gmt":"2019-03-11T15:49:54","slug":"zusammen-sind-wir-helden-von-jeff-zentner","status":"publish","type":"post","link":"https:\/\/lisasbuecherleben.de\/?p=519","title":{"rendered":"Zusammen sind wir Helden &#8211; von Jeff Zentner"},"content":{"rendered":"\n<p><br>Dill hat es im Leben nicht einfach &#8211; sein Vater im Gef\u00e4ngnis, beide Eltern religi\u00f6se Extremisten. In der Schule ist Dill ein Au\u00dfenseiter, er und seine beiden besten (und irgendwie auch einzigen) Freunde haben nur sich selbst &#8211; und merken im letzten Schuljahr, dass ihre Vorstellungen von der Zukunft nicht so vereinbar sind, wie das gedacht war&#8230;<\/p>\n\n\n\n<hr class=\"wp-block-separator\"\/>\n\n\n\n<p><br>Das klingt jetzt so, als w\u00fcrde in diesem Buch nicht besonders viel passieren. Dem ist auch tats\u00e4chlich so! &#8222;Zusammen sind wir Helden&#8220; fesselt nicht durch spannende, actiongeladene Passagen. Die Charaktere sind es, die die Geschichte ausmachen. St\u00fcck f\u00fcr St\u00fcck lernen wir den gebrandmarkten Sohn, die toughe Modebloggerin und den liebensw\u00fcrdigen Fantasyfan kennen und ihre Beweggr\u00fcnde verstehen. Die Charakterentwicklung in diesem Buch ist wirklich unheimlich \u00fcberzeugend und gut gemacht!<\/p>\n\n\n\n<p>Das Buch spielt damit, den Leser auf die emotionale Ebene zu ziehen und dann wird schon \u00fcber minimale Ereignisse in der Welt unserer Protagonisten die maximale Wirkung erzielt. Dill und seine Freunde bewegen sich das ganze Buch \u00fcber nicht wesentlich aus ihrem Heimatort hinaus und bleiben bis zum Ende in dieser Phase &#8222;Fast fertig mit der Schule&#8220; &#8211; bis sie dann eben eine Entscheidung f\u00e4llen m\u00fcssen.<br><br>Das Leseerlebnis war f\u00fcr mich irgendetwas zwischen &#8222;wundersch\u00f6n&#8220; und &#8222;ich bin total zerst\u00f6rt&#8220; &#8211; ich kann mir vorstellen, dass besonders Menschen aus der Generation unter meiner (hier ist das Gest\u00e4ndnis, ich bin alt^^!) daraus unheimlich viel mitnehmen k\u00f6nnen. Im positiven Sinne! Mich jedenfalls besch\u00e4ftigen Dill und seine Freunde immer noch.<br>Mein Fazit: &#8222;Zusammen sind wir Helden&#8220; ist eine unheimlich ber\u00fchrende Geschichte, die viel \u00fcber Freundschaft, Zusammenhalt und den Umgang mit Schicksalsschl\u00e4gen zu sagen hat. Es geht um Selbstfindung und Zusammenhalt und die unendliche Kraft, die es eigentlich kostet, viel zu schnell erwachsen zu werden. Die Redewendung &#8222;Wenn Kinder zu Leuten werden&#8220; ist quasi die Umschreibung des Inhalts dieses Buches.<\/p>\n\n\n\n<p>Eine definitive Leseempfehlung f\u00fcr alle Altersklassen von mir daf\u00fcr &#8211; ein wahnsinnig tolles Buch!<\/p>\n\n\n\n<hr class=\"wp-block-separator\"\/>\n\n\n\n<div class=\"wp-block-media-text alignwide\" style=\"grid-template-columns:40% auto\"><figure class=\"wp-block-media-text__media\"><img decoding=\"async\" loading=\"lazy\" width=\"298\" height=\"437\" src=\"https:\/\/lisasbuecherleben.de\/wp-content\/uploads\/2019\/03\/helden.jpg\" alt=\"\" class=\"wp-image-520\" srcset=\"https:\/\/lisasbuecherleben.de\/wp-content\/uploads\/2019\/03\/helden.jpg 298w, https:\/\/lisasbuecherleben.de\/wp-content\/uploads\/2019\/03\/helden-205x300.jpg 205w\" sizes=\"(max-width: 298px) 100vw, 298px\" \/><\/figure><div class=\"wp-block-media-text__content\">\n<p style=\"font-size:15px\"><em>Jeff Zentner: Zusammen sind wir Helden.<br>Erschienen am 21. Dezember 2017 im Carlsen Verlag.<br>Kostenpunkt: 17,99\u20ac als Hardcover.<\/em><br><a href=\"https:\/\/www.carlsen.de\/hardcover\/zusammen-sind-wir-helden\/82482\">Hier gehts direkt zum Buch.<\/a><br><br>Klappentext:<br>Ohne seine Gitarre w\u00e4re Dills Leben wirklich trostlos: Sein Vater ist im Gef\u00e4ngnis, seine Mutter ungl\u00fccklich, und nach der Schule soll er im \u00f6rtlichen Supermarkt arbeiten, um die Schulden abzubezahlen. Aber Dill sehnt sich nach einem anderen Leben, irgendwo da drau\u00dfen. Seine Tr\u00e4ume teilt er mit seinen beiden besten Freunden: Lydia, selbstbewusst und mit dem festen Plan, als Modebloggerin nach New York zu gehen, und Travis, der halb in seiner geliebten Fantasy-Serie lebt. Zusammen, glauben sie, k\u00f6nnen sie alles schaffen \u2026<\/p>\n\n\n\n<p> <\/p>\n<\/div><\/div>\n","protected":false},"excerpt":{"rendered":"<p>Dill hat es im Leben nicht einfach &#8211; sein Vater im Gef\u00e4ngnis, beide Eltern religi\u00f6se Extremisten. In der Schule ist Dill ein Au\u00dfenseiter, er und seine beiden besten (und irgendwie auch einzigen) Freunde haben nur sich selbst &#8211; und merken im letzten Schuljahr, dass ihre Vorstellungen von der Zukunft nicht so vereinbar sind, wie das&hellip;<\/p>\n","protected":false},"author":1,"featured_media":429,"comment_status":"open","ping_status":"open","sticky":false,"template":"","format":"standard","meta":[],"categories":[3],"tags":[],"_links":{"self":[{"href":"https:\/\/lisasbuecherleben.de\/index.php?rest_route=\/wp\/v2\/posts\/519"}],"collection":[{"href":"https:\/\/lisasbuecherleben.de\/index.php?rest_route=\/wp\/v2\/posts"}],"about":[{"href":"https:\/\/lisasbuecherleben.de\/index.php?rest_route=\/wp\/v2\/types\/post"}],"author":[{"embeddable":true,"href":"https:\/\/lisasbuecherleben.de\/index.php?rest_route=\/wp\/v2\/users\/1"}],"replies":[{"embeddable":true,"href":"https:\/\/lisasbuecherleben.de\/index.php?rest_route=%2Fwp%2Fv2%2Fcomments&post=519"}],"version-history":[{"count":4,"href":"https:\/\/lisasbuecherleben.de\/index.php?rest_route=\/wp\/v2\/posts\/519\/revisions"}],"predecessor-version":[{"id":524,"href":"https:\/\/lisasbuecherleben.de\/index.php?rest_route=\/wp\/v2\/posts\/519\/revisions\/524"}],"wp:featuredmedia":[{"embeddable":true,"href":"https:\/\/lisasbuecherleben.de\/index.php?rest_route=\/wp\/v2\/media\/429"}],"wp:attachment":[{"href":"https:\/\/lisasbuecherleben.de\/index.php?rest_route=%2Fwp%2Fv2%2Fmedia&parent=519"}],"wp:term":[{"taxonomy":"category","embeddable":true,"href":"https:\/\/lisasbuecherleben.de\/index.php?rest_route=%2Fwp%2Fv2%2Fcategories&post=519"},{"taxonomy":"post_tag","embeddable":true,"href":"https:\/\/lisasbuecherleben.de\/index.php?rest_route=%2Fwp%2Fv2%2Ftags&post=519"}],"curies":[{"name":"wp","href":"https:\/\/api.w.org\/{rel}","templated":true}]}}