{"id":543,"date":"2019-04-24T15:18:43","date_gmt":"2019-04-24T15:18:43","guid":{"rendered":"http:\/\/lisasbuecherleben.de\/?p=543"},"modified":"2019-04-24T15:18:45","modified_gmt":"2019-04-24T15:18:45","slug":"ein-buchsoundtrack-wer-denkt-sich-denn-sowas-aus","status":"publish","type":"post","link":"https:\/\/lisasbuecherleben.de\/?p=543","title":{"rendered":"Ein Buchsoundtrack? Wer denkt sich denn sowas aus?"},"content":{"rendered":"\n<p>Seit einiger Zeit schon l\u00e4uft die <a href=\"https:\/\/kladde.bookbakers.de\/skyle\/\">Crowdfunding-Kampagne<\/a> zu Esther Bertrams &#8222;Skyle &#8211; Himmelsbeben&#8220;. Der Fantasyroman ist in einer Welt \u00fcber den Wolken verortet, Leser und Leserinnen begegnen Drachen und anderen magischen Kreaturen und der Duft nach wilder, ungez\u00e4hmter Freiheit weht \u00fcber die Seiten.<br>Ein spannendes Setting f\u00fcr den Weltenbau allgemein &#8211; und f\u00fcr das Weiterspinnen von Ideen zu &#8222;Skyle&#8220; selbst. <a href=\"https:\/\/www.youtube.com\/user\/AndreasKuch\">Andreas Kuch<\/a> ist Pianist und Komponist und hat sich von dem freigeistigen Buchprojekt inspirieren lassen. Er hat Musik geschrieben. Zum Roman, zu den Figuren und zur &#8222;Firebird Star&#8220;, einem Segelschiff, auf dem sich die Protagonisten von &#8222;Skyle&#8220; treffen. Handgemachte Musik zum Buch? Da musste ich mal nachfragen!<\/p>\n\n\n\n<div class=\"wp-block-media-text alignwide\"><figure class=\"wp-block-media-text__media\"><img decoding=\"async\" loading=\"lazy\" width=\"800\" height=\"533\" src=\"https:\/\/lisasbuecherleben.de\/wp-content\/uploads\/2019\/04\/Andi.jpg\" alt=\"\" class=\"wp-image-544\" srcset=\"https:\/\/lisasbuecherleben.de\/wp-content\/uploads\/2019\/04\/Andi.jpg 800w, https:\/\/lisasbuecherleben.de\/wp-content\/uploads\/2019\/04\/Andi-300x200.jpg 300w, https:\/\/lisasbuecherleben.de\/wp-content\/uploads\/2019\/04\/Andi-768x512.jpg 768w\" sizes=\"(max-width: 800px) 100vw, 800px\" \/><\/figure><div class=\"wp-block-media-text__content\">\n<p>&#8222;<em>Eines der zentralen Themen bei Skyle ist die Freiheit. Die individuelle Freiheit in einer Welt, die einem die Freiheit immer schwieriger macht. Und nirgends in Skyle ist die Freiheit so deutlich zu sp\u00fcren wie an Bord der Firebird Star.<\/em><br><em>Dieses stolze Wolkenschiff bekommt <a href=\"https:\/\/www.youtube.com\/watch?v=mZHbVAh9-I8\">jetzt sein eigenes Thema<\/a>.&#8220;<\/em><\/p>\n<\/div><\/div>\n\n\n\n<hr class=\"wp-block-separator\"\/>\n\n\n\n<p><strong>Moin Andreas! Danke dir, dass du dich dazu bereiterkl\u00e4rt hast, dich hier ein bisschen ausfragen zu lassen.<\/strong><\/p>\n\n\n\n<p>Na klar, sehr gerne. Ich habe ja Lehramt studiert, bin also ein ausgebildeter Besserwisser.<\/p>\n\n\n\n<p><strong>Du hast f\u00fcr die Crowdfunding-Kampagne rund um das Buch \u201eSkyle \u2013 Himmelsbeben\u201c Musik geschrieben. Was genau sind das f\u00fcr St\u00fccke?<\/strong><\/p>\n\n\n\n<p>Die St\u00fccke sind\nvergleichsweise kurze Charakterstudien zu den f\u00fcnf Hauptcharakteren, der Welt\nselbst sowie dem Schiff, welches im Buch gebaut wird. Alle haben ihr eigenes\nThema, ihre eigene Instrumentierung und somit ihre ganz eigene musikalische\nStimme. Ich habe aber fest vor, daraus noch deutlich umfangreichere St\u00fccke zu\nmachen, die jeweils einen kurzen Weg der Figuren mit beschreiten, sodass am\nEnde ein komplettes Album entsteht. Au\u00dferdem gibt es ein paar Szenen im Buch,\ndie einfach ihre eigene Musik erhalten m\u00fcssen! :-) <\/p>\n\n\n\n<p><strong>Das klingt nach gro\u00dfen Pl\u00e4nen! Wie bist du darauf gekommen, genau zu diesem Buch Musik zu schreiben? Hast du beim Lesen einen festen Vorsatz gefasst, dazu etwas zu machen, oder lief die Musik einfach vor deinem inneren Ohr ab?<\/strong><\/p>\n\n\n\n<p>Ich war von Anfang an enorm fasziniert von der Welt und habe mir immer gew\u00fcnscht, sie auch musikalisch zum Leben erwecken zu d\u00fcrfen. Ich hab aber sehr lange gebraucht, bis ich mich getraut habe, Esther zu fragen, ob ich Musik dazu schreiben darf. Sie war zum Gl\u00fcck sehr schnell begeistert von der Idee. Dass man sofort exakt die richtige Musik im Kopf hat, kommt zwar vor, ist aber leider selten. Stattdessen habe ich mich sehr intensiv mit den Charakteren auseinandergesetzt. Was wollen sie, wo kommen sie her, was sind ihre vorherrschenden und verborgeneren Eigenschaften, und wie kann man das musikalisch umsetzen. Zusammen mit Esther habe ich dann immer wieder nach Instrumenten, nach Melodien, nach Harmonien gesucht, und irgendwann lichtet sich dann pl\u00f6tzlich der Nebel, und man sieht ganz deutlich, wie es sein muss. Aber ich wei\u00df vorher nie, wie lange es dauern wird, bis dieser Moment endlich da ist. <\/p>\n\n\n\n<p><strong>Beeindruckend, dass du den Ablauf so genau skizzieren kannst. Hast du denn abseits von \u201eSkyle\u201c auch etwas mit Musik zu tun?<\/strong><\/p>\n\n\n\n<p>Ich bin Musiker durch und\ndurch. Ich schreibe Musik f\u00fcr Theaterprojekte, f\u00fcr Ch\u00f6re und Vokal-Ensembles,\nbin Pianist am Kabarett in Erfurt und unterrichte an der Musikschule. Au\u00dferdem\nschreibe ich Songs, die ich hin und wieder entweder alleine am Klavier oder mit\nmeiner A-Cappella-Band auf die B\u00fchne bringe.<\/p>\n\n\n\n<p><strong>Ich habe mir auf Youtube mal einige St\u00fccke angeh\u00f6rt &#8211; und habe bei deiner Musik einen Ohrwurm nach dem anderen! Wie wird man \u201eKomponist\u201c? H\u00e4ngt da eine bestimmte Ausbildung dran?<\/strong><\/p>\n\n\n\n<p>Ich glaube, am ehesten\nwird man Komponist, indem man Freude daran hat, sich Musik auszudenken und mit\nMelodien, Akkorden und Kl\u00e4ngen zu experimentieren. Und dann ist es hilfreich,\nseinen Werkzeugkoffer, seine Farbpalette kontinuierlich zu erweitern, das\nhei\u00dft, sich in der Musik auszukennen und m\u00f6glichst viel zu verstehen, um so zu\nseiner eigenen Stimme zu finden, und nat\u00fcrlich auch um die Ideen, die man hat,\nentsprechend umsetzen zu k\u00f6nnen. <\/p>\n\n\n\n<p><strong>Du bist ein wahnsinnig vielseitiger Musiker. Ist die Musik zum Buch ein Experiment, oder hast du schon einmal ein vergleichbares Projekt gestartet? Ich habe von einem Buchsoundtrack noch nie etwas geh\u00f6rt \u2013 warum ist das eigentlich so ungew\u00f6hnlich?<\/strong><\/p>\n\n\n\n<p>Die Musik zum Buch ist\nf\u00fcr mich tats\u00e4chlich ein Experiment. Ich habe auch noch nie von einem Buchsoundtrack\ngeh\u00f6rt, habe allerdings auch nicht viel recherchiert, ob es sowas schon gibt.\nAber Buch und Musik sind nat\u00fcrlich auch recht unterschiedliche Medien, weil die\nMusik einen festen Zeitablauf beim Konsum vorgibt, das Buch hingegen nicht. Und\nbisher gab es als Verbindungsformen nur H\u00f6rbuch oder Film, was hier ja erstmal\nnicht der Fall ist. Aber ich finde es enorm faszinierend, Menschen, die das\nBuch schon gelesen haben, die Musik vorzuspielen, und zu sehen, ob sie die\nMusik mit ihrer Vorstellung von der Welt in Einklang bringen k\u00f6nnen. <\/p>\n\n\n\n<p><strong>Andersrum ist es bestimmt auch supercool, sich nach dem Anh\u00f6ren der Musik ganz unbedarft die Welt zu malen, die man sich dazu vorstellt. <\/strong><br><br><strong>Arbeitest du mit Auftr\u00e4gen und k\u00f6nntest dir vorstellen, auch andere Geschichten und B\u00fccher so zu vertonen wie Skyle? Oder ist die Kampagne ein ganz einmaliges Herzensprojekt?<\/strong><\/p>\n\n\n\n<p>Ich arbeite immer wieder\nmit Auftr\u00e4gen. In den letzten Jahren habe ich unter Anderem Musik f\u00fcr die\nTheaterumsetzungen von Faust, Dracula und Winnetou geschrieben. Ich k\u00f6nnte mir\nalso durchaus vorstellen, auch mehr solche Projekte anzugehen. Das \u00e4ndert aber\nnichts daran, dass Skyle f\u00fcr mich ein ganz ganz besonderes Herzensprojekt ist.<\/p>\n\n\n\n<p><strong>Wie erreicht man dich am besten? Wie kann ich in deine Arbeit reinschnuppern?<\/strong><\/p>\n\n\n\n<p>Ich versuche, immer wieder was auf Youtube zu laden, da findet man mich unter <a href=\"https:\/\/ww.youtube.com\/andreaskuch\">https:\/\/ww.youtube.com\/andreaskuch<\/a>. Ansonsten bin ich auf Instagram unter <a href=\"https:\/\/www.instagram.com\/andikuch\/\">https:\/\/www.instagram.com\/andikuch\/<\/a> aktiv und mit etwas Suchen findet man mich auch auf Facebook. <\/p>\n\n\n\n<p><strong>Danke dir f\u00fcrs Rede-und-Antwort-Stehen und den supercoolen Einblick in die Entstehung deines Skyle-Soundtracks! Von mir sind alle Daumen gedr\u00fcckt, dass die musikalische Reise durch Skyle noch die buntesten Bl\u00fcten treiben kann.<\/strong><\/p>\n\n\n\n<hr class=\"wp-block-separator\"\/>\n\n\n\n<p>Wenn ihr jetzt Lust habt, in den Soundtrack mal reinzuh\u00f6ren, oder euch vielleicht sogar an seiner Entstehung zu beteiligen, folgt einfach mal <a href=\"https:\/\/kladde.bookbakers.de\/skyle\/\">dieser Verlinkung hier. <\/a><br>Und wenn ihr noch Fragen an Andreas habt, lasst gerne einen Kommentar da &#8211; wir freuen uns! :)<\/p>\n","protected":false},"excerpt":{"rendered":"<p>Seit einiger Zeit schon l\u00e4uft die Crowdfunding-Kampagne zu Esther Bertrams &#8222;Skyle &#8211; Himmelsbeben&#8220;. Der Fantasyroman ist in einer Welt \u00fcber den Wolken verortet, Leser und Leserinnen begegnen Drachen und anderen magischen Kreaturen und der Duft nach wilder, ungez\u00e4hmter Freiheit weht \u00fcber die Seiten.Ein spannendes Setting f\u00fcr den Weltenbau allgemein &#8211; und f\u00fcr das Weiterspinnen von&hellip;<\/p>\n","protected":false},"author":1,"featured_media":442,"comment_status":"open","ping_status":"open","sticky":false,"template":"","format":"standard","meta":[],"categories":[8],"tags":[],"_links":{"self":[{"href":"https:\/\/lisasbuecherleben.de\/index.php?rest_route=\/wp\/v2\/posts\/543"}],"collection":[{"href":"https:\/\/lisasbuecherleben.de\/index.php?rest_route=\/wp\/v2\/posts"}],"about":[{"href":"https:\/\/lisasbuecherleben.de\/index.php?rest_route=\/wp\/v2\/types\/post"}],"author":[{"embeddable":true,"href":"https:\/\/lisasbuecherleben.de\/index.php?rest_route=\/wp\/v2\/users\/1"}],"replies":[{"embeddable":true,"href":"https:\/\/lisasbuecherleben.de\/index.php?rest_route=%2Fwp%2Fv2%2Fcomments&post=543"}],"version-history":[{"count":11,"href":"https:\/\/lisasbuecherleben.de\/index.php?rest_route=\/wp\/v2\/posts\/543\/revisions"}],"predecessor-version":[{"id":555,"href":"https:\/\/lisasbuecherleben.de\/index.php?rest_route=\/wp\/v2\/posts\/543\/revisions\/555"}],"wp:featuredmedia":[{"embeddable":true,"href":"https:\/\/lisasbuecherleben.de\/index.php?rest_route=\/wp\/v2\/media\/442"}],"wp:attachment":[{"href":"https:\/\/lisasbuecherleben.de\/index.php?rest_route=%2Fwp%2Fv2%2Fmedia&parent=543"}],"wp:term":[{"taxonomy":"category","embeddable":true,"href":"https:\/\/lisasbuecherleben.de\/index.php?rest_route=%2Fwp%2Fv2%2Fcategories&post=543"},{"taxonomy":"post_tag","embeddable":true,"href":"https:\/\/lisasbuecherleben.de\/index.php?rest_route=%2Fwp%2Fv2%2Ftags&post=543"}],"curies":[{"name":"wp","href":"https:\/\/api.w.org\/{rel}","templated":true}]}}